{"id":3381,"date":"2024-06-01T12:40:49","date_gmt":"2024-06-01T10:40:49","guid":{"rendered":"https:\/\/kressurs.no\/?p=3381"},"modified":"2025-11-30T16:16:12","modified_gmt":"2025-11-30T15:16:12","slug":"fem-tips-til-pride-kritiske-leserinnlegg","status":"publish","type":"post","link":"https:\/\/kressurs.no\/en\/fem-tips-til-pride-kritiske-leserinnlegg\/","title":{"rendered":"Five tips for critical public commentary"},"content":{"rendered":"<p><\/p>\n\n\n\n<p><strong>1. Pride is a political arena for adults who fight for legal changes and political decisions. Pride is explicitly defined as political by the pride organizers.<\/strong> <\/p>\n\n\n\n<p><strong>Rhetorical question<\/strong>: Should children be the target audience for political arenas for adults?<\/p>\n\n\n\n<p><strong>Sources<\/strong>: The leader of Oslo Pride says \u201cIt is now very clear to the Norwegian population that pride is political\u201d <a href=\"https:\/\/www.nrk.no\/nyheter\/_-pride-er-politisk_-ogsa-i-2022-1.16018065\">https:\/\/www.nrk.no\/nyheter\/_-pride-er-politisk_-ogsa-i-2<\/a><a href=\"https:\/\/www.nrk.no\/nyheter\/_-pride-er-politisk_-ogsa-i-2022-1.16018065\" target=\"_blank\" rel=\"noreferrer noopener\">022-1.16018065<\/a><\/p>\n\n\n\n<p>\u201cPride is both a party and politics,\u201d says the Free Association FRI itself(see section 2 from the top). <a href=\"https:\/\/foreningenfri.no\/pride-for-alle\/\">https:\/\/foreningenfri.no\/pride-<\/a><a href=\"https:\/\/foreningenfri.no\/pride-for-alle\/\" target=\"_blank\" rel=\"noreferrer noopener\">for-all\/<\/a><\/p>\n\n\n\n<div style=\"height:12px\" aria-hidden=\"true\" class=\"wp-block-spacer\"><\/div>\n\n\n\n<p><strong>2. The Pride flag represents a political symbol-therefor the Norwegian Parliament will not use the Pride flag.<\/strong><\/p>\n\n\n\n<p><strong>Rhetorical question<\/strong>: Is it natural, by extension, for schools and kindergartens to raise Pride flags?<\/p>\n\n\n\n<p><strong>Source<\/strong>: The head of the secretariat says the Parliament does not flag for political celebrations. <a href=\"https:\/\/subjekt.no\/2024\/05\/23\/stortinget-vil-ikke-heise-pride-flagget\/\">https:\/\/subjekt.no\/2024\/05\/23\/stortinget-vil-ikke-heise-prid<\/a><a href=\"https:\/\/subjekt.no\/2024\/05\/23\/stortinget-vil-ikke-heise-pride-flagget\/\" target=\"_blank\" rel=\"noreferrer noopener\">e-flag\/<\/a><\/p>\n\n\n\n<div style=\"height:12px\" aria-hidden=\"true\" class=\"wp-block-spacer\"><\/div>\n\n\n\n<p><strong>3. Celebrating pride is inextricably linked to a political interest organization called the Association FRI. They are, among other things, the main shareholder in Oslo Pride AS. FRI arranges and coordinates pride events and  slogans all over the country. Therefore, the pride flag is closely linked to FRI, which itself has pride colors in its logo all year round.<\/strong><\/p>\n\n\n\n<p><strong>Rhetorical question<\/strong>: Why can&#039;t one criticize the pride flag if it is seen as part of the brand belonging to a political interest organization that has its own political ambitions?<\/p>\n\n\n\n<p><strong>Source<\/strong>: Fri has a pride committee that run courses and training for pride organizers. <a href=\"https:\/\/www.foreningenfri.no\/wp-content\/uploads\/Revidert-mandat-pride-utvalget-2023-1.pdf\">https:\/\/www.foreningenfri.no\/wp-content\/uploads\/Revidert-mandat-pri<\/a><a href=\"https:\/\/www.foreningenfri.no\/wp-content\/uploads\/Revidert-mandat-pride-utvalget-2023-1.pdf\" target=\"_blank\" rel=\"noreferrer noopener\">de-selection-2023-1.pdf<\/a><\/p>\n\n\n\n<div style=\"height:12px\" aria-hidden=\"true\" class=\"wp-block-spacer\"><\/div>\n\n\n\n<p><strong>4. One of FRI's most important tasks is to influence society by organizing pride events.<\/strong><\/p>\n\n\n\n<p><strong>Rhetorical question<\/strong>: Since pride is used as a tool in political influence work, doesn&#039;t that mean that pride can be criticized, because all politics must withstand criticism?<\/p>\n\n\n\n<p><strong>Source<\/strong>: Fris association's website descirbes who they are trying to influence, both the media and politicians.  <a href=\"https:\/\/foreningenfri.no\/om-oss\/fri-mener\/politisk-plattform-2024-2026\/\">Political platform 2024-2026 \u2013 FRI \u2013 the association for gender and sexual diversity<\/a><\/p>\n\n\n\n<div style=\"height:12px\" aria-hidden=\"true\" class=\"wp-block-spacer\"><\/div>\n\n\n\n<p><strong>5. FRI has a radical political agenda that it actively promotes to gain political traction. FRI will, among other things, advocate for altruistic surrogacy and defend medical treatment of children and young people who believe they were born in the wrong body \u2013 even though this is not scientifically based. FRI will support sex purchases and pimping and promote the introduction of a third legal gender, to name a few. This is a policy that is legitimized through Pride, because symbolism, color usage, and slogans are connected.<\/strong><\/p>\n\n\n\n<p><strong>Rhetorical question<\/strong>: Are people&#039;s different understandings of politics unifying or divisive? <\/p>\n\n\n\n<p><strong>Source<\/strong>: Fri&#039;s political platform is open and should be read carefully. <a href=\"https:\/\/foreningenfri.no\/om-oss\/fri-mener\/politisk-plattform-2024-2026\/\">Political platform 2024-2026 \u2013 FRI \u2013 the association for gender and sexual diversity<\/a><\/p>\n\n\n\n<div style=\"height:58px\" aria-hidden=\"true\" class=\"wp-block-spacer\"><\/div>","protected":false},"excerpt":{"rendered":"<p>1. Pride er en politisk kamparena for voksne som kjemper for lovendringer og politiske vedtak. Pride er helt konkret definert som politisk av pride-arrang\u00f8rene. Retorisk sp\u00f8rsm\u00e5l: B\u00f8r barn v\u00e6re m\u00e5lgruppe for politiske kamparenaer for voksne? Kilder: Lederen av Oslo Pride ytrer \u201cDet er helt tydelig n\u00e5 for den norske befolkningen at pride er politisk\u201d https:\/\/www.nrk.no\/nyheter\/_-pride-er-politisk_-ogsa-i-2022-1.16018065 [&hellip;]<\/p>\n","protected":false},"author":9,"featured_media":3338,"comment_status":"closed","ping_status":"closed","sticky":false,"template":"","format":"standard","meta":{"_breakdance_hide_in_design_set":false,"_breakdance_tags":"","wds_primary_category":51,"footnotes":""},"categories":[51],"tags":[],"class_list":["post-3381","post","type-post","status-publish","format-standard","has-post-thumbnail","hentry","category-pride"],"_links":{"self":[{"href":"https:\/\/kressurs.no\/en\/wp-json\/wp\/v2\/posts\/3381","targetHints":{"allow":["GET"]}}],"collection":[{"href":"https:\/\/kressurs.no\/en\/wp-json\/wp\/v2\/posts"}],"about":[{"href":"https:\/\/kressurs.no\/en\/wp-json\/wp\/v2\/types\/post"}],"author":[{"embeddable":true,"href":"https:\/\/kressurs.no\/en\/wp-json\/wp\/v2\/users\/9"}],"replies":[{"embeddable":true,"href":"https:\/\/kressurs.no\/en\/wp-json\/wp\/v2\/comments?post=3381"}],"version-history":[{"count":0,"href":"https:\/\/kressurs.no\/en\/wp-json\/wp\/v2\/posts\/3381\/revisions"}],"wp:featuredmedia":[{"embeddable":true,"href":"https:\/\/kressurs.no\/en\/wp-json\/wp\/v2\/media\/3338"}],"wp:attachment":[{"href":"https:\/\/kressurs.no\/en\/wp-json\/wp\/v2\/media?parent=3381"}],"wp:term":[{"taxonomy":"category","embeddable":true,"href":"https:\/\/kressurs.no\/en\/wp-json\/wp\/v2\/categories?post=3381"},{"taxonomy":"post_tag","embeddable":true,"href":"https:\/\/kressurs.no\/en\/wp-json\/wp\/v2\/tags?post=3381"}],"curies":[{"name":"wp","href":"https:\/\/api.w.org\/{rel}","templated":true}]}}