{"id":15454,"date":"2025-11-05T12:43:16","date_gmt":"2025-11-05T11:43:16","guid":{"rendered":"https:\/\/kressurs.no\/?p=15454"},"modified":"2025-11-30T16:14:00","modified_gmt":"2025-11-30T15:14:00","slug":"sannheten-er-klar-hva-sier-den-om-menneskeliv-og-abort","status":"publish","type":"post","link":"https:\/\/kressurs.no\/en\/sannheten-er-klar-hva-sier-den-om-menneskeliv-og-abort\/","title":{"rendered":"The truth is clear \u2013 what does it say about human life and abortion?"},"content":{"rendered":"<p>In the face of the abortion debate, many of the country&#039;s leaders avoid answering the most basic question: <em>When does a human life begin \u2013 and who has the right to end it?<\/em><\/p>\n\n\n\n<p>In this podcast episode, Tone Lise and Truls put their words to work on a topic that touches us in the deepest possible way: life in the womb, the value of the unborn child, and the fight for truth in the face of the abortion debate.\u00a0<\/p>\n\n\n\n<p>They highlight what both the Bible and scientific facts say, and show how the beginning of life at conception is confirmed by research. They talk honestly about guilt, grace, and forgiveness \u2013 and about the need to show love and support to women who have experienced abortion.&nbsp;<\/p>\n\n\n\n<p><strong>Watch and listen to the entire conversation here:\u00a0<\/strong><\/p>\n\n\n\n<div style=\"height:15px\" aria-hidden=\"true\" class=\"wp-block-spacer\"><\/div>\n\n\n\n<figure class=\"wp-block-embed is-type-video is-provider-youtube wp-block-embed-youtube wp-embed-aspect-4-3 wp-has-aspect-ratio\"><div class=\"wp-block-embed__wrapper\">\n<iframe title=\"Abortion conversation: The truth is clear - what does it say about human life and abortion?\" width=\"500\" height=\"375\" data-src=\"https:\/\/www.youtube.com\/embed\/7NSqanersVM?feature=oembed\" frameborder=\"0\" allow=\"accelerometer; autoplay; clipboard-write; encrypted-media; gyroscope; picture-in-picture; web-share\" referrerpolicy=\"strict-origin-when-cross-origin\" allowfullscreen src=\"data:image\/svg+xml;base64,PHN2ZyB3aWR0aD0iMSIgaGVpZ2h0PSIxIiB4bWxucz0iaHR0cDovL3d3dy53My5vcmcvMjAwMC9zdmciPjwvc3ZnPg==\" class=\"lazyload\" data-load-mode=\"1\"><\/iframe>\n<\/div><\/figure>","protected":false},"excerpt":{"rendered":"<p>I m\u00f8te med abortdebatten unng\u00e5r mange av landets ledere \u00e5 svare p\u00e5 det mest grunnleggende sp\u00f8rsm\u00e5let: N\u00e5r starter et menneskeliv \u2013 og hvem har rett til \u00e5 avslutte det? I denne podcastepisoden setter Tone Lise og Truls ord p\u00e5 et tema som ber\u00f8rer dypest mulig: livet i mors liv, verdien av det uf\u00f8dte barnet og [&hellip;]<\/p>\n","protected":false},"author":5,"featured_media":15495,"comment_status":"closed","ping_status":"closed","sticky":false,"template":"","format":"standard","meta":{"_breakdance_hide_in_design_set":false,"_breakdance_tags":"","wds_primary_category":49,"footnotes":""},"categories":[49,54,66],"tags":[],"class_list":["post-15454","post","type-post","status-publish","format-standard","has-post-thumbnail","hentry","category-abort","category-aktuelt","category-bibelen"],"_links":{"self":[{"href":"https:\/\/kressurs.no\/en\/wp-json\/wp\/v2\/posts\/15454","targetHints":{"allow":["GET"]}}],"collection":[{"href":"https:\/\/kressurs.no\/en\/wp-json\/wp\/v2\/posts"}],"about":[{"href":"https:\/\/kressurs.no\/en\/wp-json\/wp\/v2\/types\/post"}],"author":[{"embeddable":true,"href":"https:\/\/kressurs.no\/en\/wp-json\/wp\/v2\/users\/5"}],"replies":[{"embeddable":true,"href":"https:\/\/kressurs.no\/en\/wp-json\/wp\/v2\/comments?post=15454"}],"version-history":[{"count":0,"href":"https:\/\/kressurs.no\/en\/wp-json\/wp\/v2\/posts\/15454\/revisions"}],"wp:featuredmedia":[{"embeddable":true,"href":"https:\/\/kressurs.no\/en\/wp-json\/wp\/v2\/media\/15495"}],"wp:attachment":[{"href":"https:\/\/kressurs.no\/en\/wp-json\/wp\/v2\/media?parent=15454"}],"wp:term":[{"taxonomy":"category","embeddable":true,"href":"https:\/\/kressurs.no\/en\/wp-json\/wp\/v2\/categories?post=15454"},{"taxonomy":"post_tag","embeddable":true,"href":"https:\/\/kressurs.no\/en\/wp-json\/wp\/v2\/tags?post=15454"}],"curies":[{"name":"wp","href":"https:\/\/api.w.org\/{rel}","templated":true}]}}