{"id":11939,"date":"2025-06-11T13:12:30","date_gmt":"2025-06-11T11:12:30","guid":{"rendered":"https:\/\/kressurs.no\/?p=11939"},"modified":"2026-03-02T14:40:01","modified_gmt":"2026-03-02T13:40:01","slug":"vil-du-stoppe-pride-i-barnehagen","status":"publish","type":"post","link":"https:\/\/kressurs.no\/en\/vil-du-stoppe-pride-i-barnehagen\/","title":{"rendered":"Do you want to stop pride in kindergarten?"},"content":{"rendered":"\n<p>Kristent Ressurssenter har laget et utkast til brev eller e-post som foreldre kan bruke for \u00e5 melde sin bekymring og fors\u00f8ke \u00e5 stoppe pridemarkeringer i barnehagen, ved \u00e5 vise til hvordan dette ber\u00f8rer foreldreretten, barnets beste og barnehagens lovp\u00e5lagte verdigrunnlag.<\/p>\n\n\n\n<p>Barnehagen er til for barna, og det er foreldrene som har hovedansvaret for barnas oppdragelse. Derfor skal barnehagen st\u00f8tte hjemmet og ta hensyn til hva foreldre mener er til barnets beste. Barnehageloven \u00a7 1 sl\u00e5r fast at barnehagen skal bygge p\u00e5 et verdigrunnlag forankret i kristen og humanistisk arv og tradisjon, og at virksomheten skal skje i&nbsp;<em>forst\u00e5else og samarbeid med hjemmet<\/em>.<\/p>\n\n\n\n<p>Foreldrenes medvirkning er ikke bare en rett \u2013 det er en forutsetning for barnehagens arbeid. Samtidig sier \u00a7\u00a7 41\u201343 at barn ikke skal oppleve utenforskap, diskriminering eller mistrivsel, og at barnehagen har aktivitetsplikt til \u00e5 forebygge og handle dersom slike forhold oppst\u00e5r. N\u00e5r pridemarkeringer gjennomf\u00f8res uten respekt for foreldrenes overbevisning, kan det oppleves som krenkende og ekskluderende \u2013 b\u00e5de for barna og for deres familier. I slike tilfeller kan man hevde at \u00a7 41 er brutt, og at n\u00f8dvendige tiltak er \u00e5 avlyse pridemarkeringer og fjerne prideflagget.<\/p>\n\n\n\n<p>Dette er slik vi tolker lovverket, og dersom barnehager eller barnehageledere velger \u00e5 overse lovgrunnlaget, foreldreretten og barnas beste, kan det bli n\u00f8dvendig \u00e5 ta saken videre. Kristent Ressurssenter arbeider ogs\u00e5 med \u00e5 utforme r\u00e5d og st\u00f8tte i slike tilfeller.<\/p>\n\n\n\n<p>Her er v\u00e5rt forslag til brev som kan brukes for \u00e5 be om at pride-markeringer og bruk av prideflagg stoppes i barnehagen:<\/p>\n\n\n\n<div style=\"height:20px\" aria-hidden=\"true\" class=\"wp-block-spacer\"><\/div>\n\n\n\n<p><strong>Til leder ved [barnehagens navn]<\/strong>\u202f&nbsp;<\/p>\n\n\n\n<p><strong>Bekymring og protest mot pridemarkering i barnehagen<\/strong>\u202f&nbsp;<\/p>\n\n\n\n<h5 class=\"wp-block-heading\"><strong>Del 1: Barns rett til et trygt, inkluderende og n\u00f8ytralt barnehagemilj\u00f8\u202f<\/strong>&nbsp;<\/h5>\n\n\n\n<p>Vi som foreldre til barn ved [barnehagens navn] \u00f8nsker med dette \u00e5 uttrykke sterk bekymring og protest mot barnehagens deltakelse i markering av pride, inkludert heising av prideflagget og bruk av tilh\u00f8rende symbolikk i barnehagen.\u202f&nbsp;<\/p>\n\n\n\n<p>Etter v\u00e5r vurdering bryter dette med flere bestemmelser i <strong>barnehageloven,<\/strong> som skal sikre et trygt og inkluderende barnehagemilj\u00f8 for\u202falle\u202fbarn &#8211; uavhengig av verdistandpunkt.\u202f&nbsp;<\/p>\n\n\n\n<ol start=\"1\" class=\"wp-block-list\">\n<li><strong>Retten til et trygt og verdibasert barnehagemilj\u00f8<\/strong>\u202f&nbsp;<\/li>\n<\/ol>\n\n\n\n<p>(<strong>Barnehageloven \u00a7 1 og \u00a72<\/strong>)\u202f&nbsp;<\/p>\n\n\n\n<p>Barnehagen skal bygge p\u00e5 et verdigrunnlag forankret i den kristne og humanistiske arven og tradisjonen. Barnehagen skal fremme verdier som likeverd, nestekj\u00e6rlighet og ansvar for andre \u2013 og det skal tilpasses innholdet til barnets alder og utvikling.&nbsp;<\/p>\n\n\n\n<p>Barnehageloven gir foreldre rett til medvirkning i barnehagens innhold og praksis ettersom de mener er det beste for sitt barn:<\/p>\n\n\n\n<p><em>\u00abBarnehagen skal, i samarbeid og forst\u00e5else med hjemmet, ivareta barnas behov for omsorg og lek, og fremme l\u00e6ring og danning som grunnlag for allsidig utvikling.\u00bb (\u00a7 1<\/em>)&nbsp;<\/p>\n\n\n\n<p>En ensidig markering av pride \u2013 som er n\u00e6rt knyttet til politisk aktivisme og ideologisk p\u00e5virkning \u2013 utfordrer denne balansen. Mange barn, s\u00e6rlig med kristen eller tradisjonell bakgrunn, kan oppleve dette som utrygt eller fremmedgj\u00f8rende. Det kan skape utenforskap og en opplevelse av at deres verdier ikke respekteres.&nbsp;&nbsp;<\/p>\n\n\n\n<p>Stortinget markerer ikke pride, da det ansees som en politisk markering. Vi deler dette synet, og forventer at v\u00e5rt st\u00e5sted blir respektert og ivaretatt.&nbsp;&nbsp;<\/p>\n\n\n\n<ol start=\"2\" class=\"wp-block-list\">\n<li><strong>Retten til medvirkning og dialog<\/strong>&nbsp;<\/li>\n<\/ol>\n\n\n\n<p><strong>Barnehageloven \u00a7 41, \u00a7 42 og \u00a7 43)<\/strong>&nbsp;<br>Det psykososiale milj\u00f8et i barnehagen har nulltoleranse for utenforskap og diskriminering. Barn som oppdras av verdikonservative, religi\u00f8se eller har foreldre som av annen filosofisk overbevisning ikke \u00f8nsker ideologisk p\u00e5virkning av politiserte symboler, vil konsekvent kunne oppleve utenforskap og diskriminering ved markering av pride, eller ved \u00e5 bruke prideflagg i barnehagen. Som en klok p\u00e5minnelse b\u00f8r det fremg\u00e5 at loven har nulltoleranse mot enhver form for hevnaksjoner eller gjengjeldelse mot barn uansett \u00e5rsak.<br><em>\u00ab<\/em> <em>Barnehagen skal ikke godta krenkelser som for eksempel utestenging, mobbing, vold, diskriminering og trakassering \u00bb<\/em>&nbsp;<br>\u202f&nbsp;<br>Barnehagen skal derfor ikke fremme ett verdistandpunkt over andre i sp\u00f8rsm\u00e5l som gjelder identitet og livssyn. Pridemarkering og bruk av prideflagg er ikke en n\u00f8ytral handling, og befolkningen er sv\u00e6rt splittet i sitt syn p\u00e5 dens symbolikk og bruk i barnehager og skoler. Vi vil ikke at v\u00e5rt barn skal utsettes for pride og oppleve diskriminering og utenforskap, og dette m\u00e5 barnehagen handle p\u00e5.&nbsp;<\/p>\n\n\n\n<p><em>\u00ab<\/em><em> N\u00e5r et barn eller foreldrene sier at barnet ikke har et trygt og godt barnehagemilj\u00f8, skal barnehagen unders\u00f8ke saken og s\u00e5 langt det finnes egnede tiltak, s\u00f8rge for at barnet f\u00e5r et trygt og godt barnehagemilj\u00f8<\/em><em>.\u00bb <\/em>\u202f&nbsp;<\/p>\n\n\n\n<p>I denne saken inneb\u00e6rer lovkravet til handling enkelt sagt at barnehagen skal avst\u00e5 fra \u00e5 markere pride eller bruke prideflagg, for \u00e5 ivareta barnets rettigheter og lovens krav om nulltoleranse for diskriminering<\/p>\n\n\n\n<p>Pride er tett knyttet til politisk aktivisme, organisasjoner og kampanjer med klare holdningsskapende budskap. N\u00e5r dette tas inn i barnehagens omr\u00e5de, overskrides grensen for hva barnehagen har mandat til \u00e5 fremme. Det er ikke barnehagens rolle \u00e5 p\u00e5virke barns holdninger i slike sp\u00f8rsm\u00e5l gjennom symbolbruk og kampanjepregede aktiviteter. \u202f&nbsp;<\/p>\n\n\n\n<p>Nedenfor er utdrag fra Foreningen fri (som hovedarrang\u00f8r av pride i Norge) og Oslo Pride, som dokumenterer at m\u00e5let med pride er \u201c<a href=\"https:\/\/www.oslopride.no\/p\/about-us\" target=\"_blank\" rel=\"noreferrer noopener\">\u00e5 endre folks holdninger<\/a>\u201d og \u201c<a href=\"https:\/\/foreningenfri.no\/om-oss\/fri-mener\/politisk-plattform-2024-2026\/\" target=\"_blank\" rel=\"noreferrer noopener\">p\u00e5virke storsamfunnet<\/a>\u201d. Per definisjon er\u202f<a href=\"https:\/\/www.stoppride.no\/\" target=\"_blank\" rel=\"noreferrer noopener\">Pride politisk<\/a>, og lovparagrafene referert til m\u00e5 anvendes.\u202f<\/p>\n\n\n\n<div style=\"height:15px\" aria-hidden=\"true\" class=\"wp-block-spacer\"><\/div>\n\n\n\n<figure class=\"wp-block-image size-large\"><img decoding=\"async\" width=\"1024\" height=\"673\" data-src=\"https:\/\/kressurs.no\/wp-content\/uploads\/2025\/06\/Skjermbilde-2025-06-05-111347-1024x673.png\" alt=\"\" class=\"wp-image-11815 lazyload\" data-srcset=\"https:\/\/kressurs.no\/wp-content\/uploads\/2025\/06\/Skjermbilde-2025-06-05-111347-1024x673.png 1024w, https:\/\/kressurs.no\/wp-content\/uploads\/2025\/06\/Skjermbilde-2025-06-05-111347-300x197.png 300w, https:\/\/kressurs.no\/wp-content\/uploads\/2025\/06\/Skjermbilde-2025-06-05-111347-768x505.png 768w, https:\/\/kressurs.no\/wp-content\/uploads\/2025\/06\/Skjermbilde-2025-06-05-111347-1536x1010.png 1536w, https:\/\/kressurs.no\/wp-content\/uploads\/2025\/06\/Skjermbilde-2025-06-05-111347-360x237.png 360w, https:\/\/kressurs.no\/wp-content\/uploads\/2025\/06\/Skjermbilde-2025-06-05-111347-1320x868.png 1320w, https:\/\/kressurs.no\/wp-content\/uploads\/2025\/06\/Skjermbilde-2025-06-05-111347-600x394.png 600w, https:\/\/kressurs.no\/wp-content\/uploads\/2025\/06\/Skjermbilde-2025-06-05-111347.png 1588w\" data-sizes=\"(max-width: 1024px) 100vw, 1024px\" src=\"data:image\/svg+xml;base64,PHN2ZyB3aWR0aD0iMSIgaGVpZ2h0PSIxIiB4bWxucz0iaHR0cDovL3d3dy53My5vcmcvMjAwMC9zdmciPjwvc3ZnPg==\" style=\"--smush-placeholder-width: 1024px; --smush-placeholder-aspect-ratio: 1024\/673;\" \/><\/figure>\n\n\n\n<figure class=\"wp-block-image size-large\"><img decoding=\"async\" width=\"1024\" height=\"476\" data-src=\"https:\/\/kressurs.no\/wp-content\/uploads\/2025\/06\/Skjermbilde-2025-06-05-111259-1024x476.png\" alt=\"\" class=\"wp-image-11816 lazyload\" data-srcset=\"https:\/\/kressurs.no\/wp-content\/uploads\/2025\/06\/Skjermbilde-2025-06-05-111259-1024x476.png 1024w, https:\/\/kressurs.no\/wp-content\/uploads\/2025\/06\/Skjermbilde-2025-06-05-111259-300x139.png 300w, https:\/\/kressurs.no\/wp-content\/uploads\/2025\/06\/Skjermbilde-2025-06-05-111259-768x357.png 768w, https:\/\/kressurs.no\/wp-content\/uploads\/2025\/06\/Skjermbilde-2025-06-05-111259-1536x714.png 1536w, https:\/\/kressurs.no\/wp-content\/uploads\/2025\/06\/Skjermbilde-2025-06-05-111259-360x167.png 360w, https:\/\/kressurs.no\/wp-content\/uploads\/2025\/06\/Skjermbilde-2025-06-05-111259-1320x613.png 1320w, https:\/\/kressurs.no\/wp-content\/uploads\/2025\/06\/Skjermbilde-2025-06-05-111259-600x279.png 600w, https:\/\/kressurs.no\/wp-content\/uploads\/2025\/06\/Skjermbilde-2025-06-05-111259.png 1894w\" data-sizes=\"(max-width: 1024px) 100vw, 1024px\" src=\"data:image\/svg+xml;base64,PHN2ZyB3aWR0aD0iMSIgaGVpZ2h0PSIxIiB4bWxucz0iaHR0cDovL3d3dy53My5vcmcvMjAwMC9zdmciPjwvc3ZnPg==\" style=\"--smush-placeholder-width: 1024px; --smush-placeholder-aspect-ratio: 1024\/476;\" \/><\/figure>\n\n\n\n<div style=\"height:15px\" aria-hidden=\"true\" class=\"wp-block-spacer\"><\/div>\n\n\n\n<h5 class=\"wp-block-heading\"><strong>Del 2: Foreldreretten \u2013 barnets oppdragelse er foreldrenes ansvar\u202f<\/strong>&nbsp;<\/h5>\n\n\n\n<p>Vi minner samtidig om at barn ikke er statens eiendom, men f\u00f8rst og fremst foreldres ansvar og omsorg. Dette er tydelig forankret i b\u00e5de norsk og internasjonal lovgivning:\u202f&nbsp;<\/p>\n\n\n\n<ol start=\"1\" class=\"wp-block-list\">\n<li><strong>Barneloven \u00a7 30 \u2013 Foreldres oppdrageransvar<\/strong>\u202f&nbsp;<\/li>\n<\/ol>\n\n\n\n<p>Foreldrene har rett og plikt til \u00e5 ta avgj\u00f8relser i barnets personlige forhold, og skal sikre forsvarlig oppdragelse og utdanning tilpasset barnets behov og tro. N\u00e5r barnehagen overstyrer eller underminerer familiens verdier, brytes denne balansen.\u202f&nbsp;<\/p>\n\n\n\n<ol start=\"2\" class=\"wp-block-list\">\n<li><strong>Barnehageloven \u00a7 1 \u2013 Samarbeid og respekt for foreldres verdier<\/strong>\u202f&nbsp;<\/li>\n<\/ol>\n\n\n\n<p>Omsorg og oppl\u00e6ring skal skje i samarbeid og forst\u00e5else med hjemmet, og den skal vise\u202f<strong>respekt for den enkeltes overbevisning<\/strong>. Det inkluderer \u00e5 ikke p\u00e5tvinge barn markeringer som bryter med barnets og foreldrenes livssyn.\u202f&nbsp;<\/p>\n\n\n\n<ol start=\"3\" class=\"wp-block-list\">\n<li><strong>Grunnloven \u00a7 109 \u2013 Barnets rett til tilpasset oppl\u00e6ring og respekt for menneskerettighetene<\/strong>\u202f&nbsp;<\/li>\n<\/ol>\n\n\n\n<p>Oppl\u00e6ringen og dannelse skal ta hensyn til hvert barns behov og fremme respekt for\u202f<strong>rettsstaten og menneskerettighetene<\/strong>. Det forutsetter n\u00f8ytralitet i omstridte sp\u00f8rsm\u00e5l og beskyttelse av minoriteter \u2013 ogs\u00e5 verdikonservative, i henhold til EMK artikkel 2.\u202f&nbsp;<\/p>\n\n\n\n<ol start=\"4\" class=\"wp-block-list\">\n<li><strong>EMK artikkel 2 \u2013 Foreldres rett til trosbasert oppl\u00e6ring<\/strong>\u202f&nbsp;<\/li>\n<\/ol>\n\n\n\n<p>Stater og ogs\u00e5 barnehager har ikke rett til \u00e5 overstyre foreldres trosbaserte eller filosofiske overbevisning i utdanning, dannelse og omsorg. Ideologisk p\u00e5virkning i barnehagen uten foreldres samtykke krenker \u00e5penbart denne retten.&nbsp;<\/p>\n\n\n\n<div style=\"height:15px\" aria-hidden=\"true\" class=\"wp-block-spacer\"><\/div>\n\n\n\n<h5 class=\"wp-block-heading\"><strong>V\u00e5r oppfordring og krav\u202f<\/strong>&nbsp;<\/h5>\n\n\n\n<p>Vi ber derfor om at:\u202f&nbsp;<\/p>\n\n\n\n<ol start=\"1\" class=\"wp-block-list\">\n<li>Barnehagen ikke markerer pride med flagg eller symbolbruk i barnehagetiden.\u202f&nbsp;<\/li>\n<\/ol>\n\n\n\n<ol start=\"2\" class=\"wp-block-list\">\n<li>Det innf\u00f8res reell dialog med foreldrene f\u00f8r slike framtidige markeringer vurderes.\u202f&nbsp;<\/li>\n<\/ol>\n\n\n\n<ol start=\"3\" class=\"wp-block-list\">\n<li>Barnehagen respekterer barns rett til et ideologisk n\u00f8ytralt barnehagemilj\u00f8 og foreldres rett til \u00e5 bestemme i livssynsn\u00e6re sp\u00f8rsm\u00e5l.\u202f&nbsp;<\/li>\n<\/ol>\n\n\n\n<p><strong>Vi \u00f8nsker en skriftlig tilbakemelding p\u00e5 hvordan barnehagen forholder seg til disse rettslige forpliktelsene.\u202f<\/strong>&nbsp;<\/p>\n\n\n\n<p>Med vennlig hilsen,\u202f&nbsp;<br>[Navn p\u00e5 forelder(e)]\u202f&nbsp;<br>[Kontaktinformasjon]\u202f&nbsp;<br>[ Barnes navn]\u202f&nbsp;<\/p>\n\n\n\n<div style=\"height:50px\" aria-hidden=\"true\" class=\"wp-block-spacer\"><\/div>\n\n\n\n<div class=\"wp-block-buttons is-layout-flex wp-block-buttons-is-layout-flex\">\n<div class=\"wp-block-button is-style-outline is-style-outline--1\"><a class=\"wp-block-button__link has-black-color has-white-background-color has-text-color has-background has-link-color wp-element-button\" href=\"https:\/\/kressurs.no\/wp-content\/uploads\/2026\/03\/Vil-du-stoppe-pride-i-barnehagen.pdf\" style=\"border-radius:39px\" target=\"_blank\" rel=\"noreferrer noopener\">Last ned pdf<\/a><\/div>\n<\/div>\n\n\n\n<p><\/p>\n","protected":false},"excerpt":{"rendered":"<p>Kristent Ressurssenter har laget et utkast til brev eller e-post som foreldre kan bruke for \u00e5 melde sin bekymring og fors\u00f8ke \u00e5 stoppe pridemarkeringer i barnehagen, ved \u00e5 vise til hvordan dette ber\u00f8rer foreldreretten, barnets beste og barnehagens lovp\u00e5lagte verdigrunnlag. Barnehagen er til for barna, og det er foreldrene som har hovedansvaret for barnas oppdragelse. [&hellip;]<\/p>\n","protected":false},"author":5,"featured_media":11827,"comment_status":"closed","ping_status":"closed","sticky":false,"template":"","format":"standard","meta":{"_breakdance_hide_in_design_set":false,"_breakdance_tags":"","wds_primary_category":51,"footnotes":""},"categories":[51],"tags":[],"class_list":["post-11939","post","type-post","status-publish","format-standard","has-post-thumbnail","hentry","category-pride"],"_links":{"self":[{"href":"https:\/\/kressurs.no\/en\/wp-json\/wp\/v2\/posts\/11939","targetHints":{"allow":["GET"]}}],"collection":[{"href":"https:\/\/kressurs.no\/en\/wp-json\/wp\/v2\/posts"}],"about":[{"href":"https:\/\/kressurs.no\/en\/wp-json\/wp\/v2\/types\/post"}],"author":[{"embeddable":true,"href":"https:\/\/kressurs.no\/en\/wp-json\/wp\/v2\/users\/5"}],"replies":[{"embeddable":true,"href":"https:\/\/kressurs.no\/en\/wp-json\/wp\/v2\/comments?post=11939"}],"version-history":[{"count":0,"href":"https:\/\/kressurs.no\/en\/wp-json\/wp\/v2\/posts\/11939\/revisions"}],"wp:featuredmedia":[{"embeddable":true,"href":"https:\/\/kressurs.no\/en\/wp-json\/wp\/v2\/media\/11827"}],"wp:attachment":[{"href":"https:\/\/kressurs.no\/en\/wp-json\/wp\/v2\/media?parent=11939"}],"wp:term":[{"taxonomy":"category","embeddable":true,"href":"https:\/\/kressurs.no\/en\/wp-json\/wp\/v2\/categories?post=11939"},{"taxonomy":"post_tag","embeddable":true,"href":"https:\/\/kressurs.no\/en\/wp-json\/wp\/v2\/tags?post=11939"}],"curies":[{"name":"wp","href":"https:\/\/api.w.org\/{rel}","templated":true}]}}