{"id":11804,"date":"2025-06-05T12:50:12","date_gmt":"2025-06-05T10:50:12","guid":{"rendered":"https:\/\/kressurs.no\/?p=11804"},"modified":"2026-03-02T14:38:30","modified_gmt":"2026-03-02T13:38:30","slug":"slik-stopper-du-pride-pa-skolen-med-loven-i-hand","status":"publish","type":"post","link":"https:\/\/kressurs.no\/en\/slik-stopper-du-pride-pa-skolen-med-loven-i-hand\/","title":{"rendered":"Do you want to stop pride in school?"},"content":{"rendered":"\n<p>Kristent Ressurssenter har laget et&nbsp;utkast til brev eller epost som kan sendes til rektorer, kommunalsjef, skoleledelse og kommunestyre \/ skoleeier med utkast i lover som brytes ved tvungen pridemarkering, eller prideflagging p\u00e5 offentlig flaggstang i skoler. Vi har lagt vekt p\u00e5 oppl\u00e6ringsloven for eleven, og foreldreretten for foreldre.&nbsp;<\/p>\n\n\n\n<div style=\"height:15px\" aria-hidden=\"true\" class=\"wp-block-spacer\"><\/div>\n\n\n\n<div style=\"height:15px\" aria-hidden=\"true\" class=\"wp-block-spacer\"><\/div>\n\n\n\n<figure class=\"wp-block-embed is-type-video is-provider-youtube wp-block-embed-youtube wp-embed-aspect-16-9 wp-has-aspect-ratio\"><div class=\"wp-block-embed__wrapper\">\n<iframe title=\"Stop pride p\u00e5 skolene med loven i h\u00e5nd - en instruksjonsvideo for foreldre og foresatte\" width=\"500\" height=\"281\" data-src=\"https:\/\/www.youtube.com\/embed\/xt9Nod_YJXY?feature=oembed\" frameborder=\"0\" allow=\"accelerometer; autoplay; clipboard-write; encrypted-media; gyroscope; picture-in-picture; web-share\" referrerpolicy=\"strict-origin-when-cross-origin\" allowfullscreen src=\"data:image\/svg+xml;base64,PHN2ZyB3aWR0aD0iMSIgaGVpZ2h0PSIxIiB4bWxucz0iaHR0cDovL3d3dy53My5vcmcvMjAwMC9zdmciPjwvc3ZnPg==\" class=\"lazyload\" data-load-mode=\"1\"><\/iframe>\n<\/div><\/figure>\n\n\n\n<div style=\"height:50px\" aria-hidden=\"true\" class=\"wp-block-spacer\"><\/div>\n\n\n\n<p><strong>Til rektor ved [skolens navn]<\/strong>&nbsp;<\/p>\n\n\n\n<p><strong>Bekymring og protest mot pridemarkering p\u00e5 skolen &#8211; med krav om juridisk svar og opph\u00f8r av pride<\/strong><\/p>\n\n\n\n<p><strong>Innledning til protest:<\/strong> Vi som foreldre til elever ved [skolens navn] \u00f8nsker med dette \u00e5 uttrykke v\u00e5r sterke bekymring og protest mot skolens deltakelse i markering av pride. Dette gjelder b\u00e5de heising av prideflagget og bruk av tilh\u00f8rende symboler i skoletid og p\u00e5 skolens omr\u00e5de.\u202fVi krever at v\u00e5re rettigheter som foreldre blir ivaretatt, at pridemarkeringer og effekter opph\u00f8rer, og vil i dette skrivet utdype hvilke rettigheter b\u00e5de vi som foreldre og v\u00e5re barn som elever ved skolen har.&nbsp;&nbsp;&nbsp;&nbsp;<\/p>\n\n\n\n<p><strong>Objektiv beskrivelse av pride: <\/strong>Pride er politisk, eid av en politisk interesseorganisasjon med uttalte&nbsp;m\u00e5l om radikale holdnings- og lovendringer. Bildene nedenfor er utdrag fra Foreningen Fri (hovedarrang\u00f8r av Pride i Norge) og Oslo Pride, som dokumenterer at m\u00e5let med pride er \u201c<a href=\"https:\/\/www.oslopride.no\/p\/about-us\" target=\"_blank\" rel=\"noreferrer noopener\">\u00e5 endre folks holdninger<\/a>\u201d og \u201c<a href=\"https:\/\/foreningenfri.no\/om-oss\/fri-mener\/politisk-plattform-2024-2026\/\" target=\"_blank\" rel=\"noreferrer noopener\">p\u00e5virke storsamfunnet<\/a>\u201d. Pride er derfor, per definisjon, en <a href=\"https:\/\/www.stoppride.no\/\" target=\"_blank\" rel=\"noreferrer noopener\">politisk markering<\/a> \u2013 noe som ogs\u00e5 inneb\u00e6rer at lovparagrafer m\u00e5 anvendes. Av samme grunn heiser heller ikke Stortinget prideflagget, da pride anses som en politisk markering. Hvorfor skal da pride markeres p\u00e5 v\u00e5r skole? Mer dokumentasjon om hva pride er og hvilke m\u00e5l bevegelsen har, finner du <a href=\"https:\/\/stoppride.no\/\" target=\"_blank\" rel=\"noreferrer noopener\">her<\/a>. &nbsp;<\/p>\n\n\n\n<div style=\"height:15px\" aria-hidden=\"true\" class=\"wp-block-spacer\"><\/div>\n\n\n\n<figure class=\"wp-block-image size-large\"><img decoding=\"async\" width=\"1024\" height=\"673\" data-src=\"https:\/\/kressurs.no\/wp-content\/uploads\/2025\/06\/Skjermbilde-2025-06-05-111347-1024x673.png\" alt=\"\" class=\"wp-image-11815 lazyload\" data-srcset=\"https:\/\/kressurs.no\/wp-content\/uploads\/2025\/06\/Skjermbilde-2025-06-05-111347-1024x673.png 1024w, https:\/\/kressurs.no\/wp-content\/uploads\/2025\/06\/Skjermbilde-2025-06-05-111347-300x197.png 300w, https:\/\/kressurs.no\/wp-content\/uploads\/2025\/06\/Skjermbilde-2025-06-05-111347-768x505.png 768w, https:\/\/kressurs.no\/wp-content\/uploads\/2025\/06\/Skjermbilde-2025-06-05-111347-1536x1010.png 1536w, https:\/\/kressurs.no\/wp-content\/uploads\/2025\/06\/Skjermbilde-2025-06-05-111347-360x237.png 360w, https:\/\/kressurs.no\/wp-content\/uploads\/2025\/06\/Skjermbilde-2025-06-05-111347-1320x868.png 1320w, https:\/\/kressurs.no\/wp-content\/uploads\/2025\/06\/Skjermbilde-2025-06-05-111347-600x394.png 600w, https:\/\/kressurs.no\/wp-content\/uploads\/2025\/06\/Skjermbilde-2025-06-05-111347.png 1588w\" data-sizes=\"(max-width: 1024px) 100vw, 1024px\" src=\"data:image\/svg+xml;base64,PHN2ZyB3aWR0aD0iMSIgaGVpZ2h0PSIxIiB4bWxucz0iaHR0cDovL3d3dy53My5vcmcvMjAwMC9zdmciPjwvc3ZnPg==\" style=\"--smush-placeholder-width: 1024px; --smush-placeholder-aspect-ratio: 1024\/673;\" \/><\/figure>\n\n\n\n<div style=\"height:10px\" aria-hidden=\"true\" class=\"wp-block-spacer\"><\/div>\n\n\n\n<figure class=\"wp-block-image size-large\"><img decoding=\"async\" width=\"1024\" height=\"476\" data-src=\"https:\/\/kressurs.no\/wp-content\/uploads\/2025\/06\/Skjermbilde-2025-06-05-111259-1024x476.png\" alt=\"\" class=\"wp-image-11816 lazyload\" data-srcset=\"https:\/\/kressurs.no\/wp-content\/uploads\/2025\/06\/Skjermbilde-2025-06-05-111259-1024x476.png 1024w, https:\/\/kressurs.no\/wp-content\/uploads\/2025\/06\/Skjermbilde-2025-06-05-111259-300x139.png 300w, https:\/\/kressurs.no\/wp-content\/uploads\/2025\/06\/Skjermbilde-2025-06-05-111259-768x357.png 768w, https:\/\/kressurs.no\/wp-content\/uploads\/2025\/06\/Skjermbilde-2025-06-05-111259-1536x714.png 1536w, https:\/\/kressurs.no\/wp-content\/uploads\/2025\/06\/Skjermbilde-2025-06-05-111259-360x167.png 360w, https:\/\/kressurs.no\/wp-content\/uploads\/2025\/06\/Skjermbilde-2025-06-05-111259-1320x613.png 1320w, https:\/\/kressurs.no\/wp-content\/uploads\/2025\/06\/Skjermbilde-2025-06-05-111259-600x279.png 600w, https:\/\/kressurs.no\/wp-content\/uploads\/2025\/06\/Skjermbilde-2025-06-05-111259.png 1894w\" data-sizes=\"(max-width: 1024px) 100vw, 1024px\" src=\"data:image\/svg+xml;base64,PHN2ZyB3aWR0aD0iMSIgaGVpZ2h0PSIxIiB4bWxucz0iaHR0cDovL3d3dy53My5vcmcvMjAwMC9zdmciPjwvc3ZnPg==\" style=\"--smush-placeholder-width: 1024px; --smush-placeholder-aspect-ratio: 1024\/476;\" \/><\/figure>\n\n\n\n<div style=\"height:15px\" aria-hidden=\"true\" class=\"wp-block-spacer\"><\/div>\n\n\n\n<p>Med pride p\u00e5 skolen brytes det etter v\u00e5r oppfatning flere bestemmelser i oppl\u00e6ringsloven, bestemmelser som skal sikre et inkluderende l\u00e6ringsmilj\u00f8 for alle elever \u2013 uavhengig av politisk st\u00e5sted, tro eller livssyn. Vi opplever at v\u00e5re barns rettigheter ikke blir ivaretatt, og ber derfor om et juridisk begrunnet svar p\u00e5 hvordan rektor vil sikre at disse rettighetene respekteres. Se del 3 for v\u00e5re krav.&nbsp;<\/p>\n\n\n\n<p><strong>OBS!<\/strong> Vi gj\u00f8r oppmerksom p\u00e5 at verken rektors personlige oppfatning av pride, eventuelle kommunestyrevedtak om pride eller <a href=\"https:\/\/www.udir.no\/presse\/pressemeldinger\/skolen-er-ikke-verdinoytral\/\" target=\"_blank\" rel=\"noreferrer noopener\">Udirs direkt\u00f8r Morten Rosenkvists leserinnlegg<\/a> om at pride h\u00f8rer hjemme i skolen, kan sette til side de lovbestemmelser som gir oss rettigheter. Det er v\u00e5re rettigheter dere er forpliktet til \u00e5 ivareta, n\u00e5r skolen selv initierer markering av pride.&nbsp;<\/p>\n\n\n\n<div style=\"height:10px\" aria-hidden=\"true\" class=\"wp-block-spacer\"><\/div>\n\n\n\n<h4 class=\"wp-block-heading\"><strong>Del 1: Elevens rett til et trygt, inkluderende og n\u00f8ytralt skolemilj\u00f8\u202f<\/strong>&nbsp;<\/h4>\n\n\n\n<ol start=\"1\" class=\"wp-block-list\">\n<li><strong>Retten til et trygt og godt skolemilj\u00f8<\/strong>\u202f&nbsp;<\/li>\n<\/ol>\n\n\n\n<p><strong>Oppl\u00e6ringsloven \u00a7 12-2, \u00a712-3 og \u00a7 12-4<\/strong>&nbsp;<br>I henhold til Oppl\u00e6ringsloven \u00a7 12-2 har alle elever rett til et skolemilj\u00f8 som fremmer helse, trygghet,\u202f<strong>inkludering\u202f<\/strong>og\u202f<strong>trivsel<\/strong>. For mange barn \u2013 s\u00e6rlig de med kristen, konservativ eller tradisjonell bakgrunn \u2013 oppleves prideflagging og tilh\u00f8rende markeringer som et ideologisk press, og som et&nbsp;inngrep i egen identitet og overbevisning. Dette kan skape mistrivsel, utenforskap og en opplevelse av ikke \u00e5 bli respektert, men snarere overkj\u00f8rt. &nbsp;<br>\u202f&nbsp;<br>Skolen skal arbeide mot enhver form for mobbing,\u202f<strong>diskriminering\u202f<\/strong>og\u202f <strong>krenkelse i henhold til Oppl\u00e6ringsloven \u00a712-3<\/strong>. Markering av pride har sterke politiske og ideologiske undertoner og slagord \u2013 og&nbsp;oppleves som ubehagelig for&nbsp;elever som ikke deler dette synet. Skolen skal ikke fremme ett verdistandpunkt over andre i sp\u00f8rsm\u00e5l som gjelder identitet og livssyn, med unntak av det kristne og humanistiske verdigrunnlaget, jf. overordnet del og Oppl\u00e6ringsloven \u00a71-3. Vi, sammen med mange kristne foreldre, mener derfor at pridemarkering i skolen bryter med kristne verdier, og at tvungen deltakelse inneb\u00e6rer brudd p\u00e5 flere lovbestemmelser.&nbsp;<\/p>\n\n\n\n<p>Skolen har aktivitetsplikt til \u00e5 gripe inn n\u00e5r en elev ikke har det \u201ctrygt og godt\u201d, jf. Opp\u00e6ringsloven \u00a7 12-4 \u2013 ogs\u00e5 n\u00e5r dette skyldes verdip\u00e5virkning og aktiviteter som oppleves krenkende, st\u00f8tende, ekskluderende eller diskriminerende.\u202f For v\u00e5re barn, skaper pridemarkering et utenforskap og et ubehag. Dette alene er nok til \u00e5 aktivere krav om tiltak. Et minimumstiltak vil v\u00e6re \u00e5 tilby et alternativt opplegg for v\u00e5re barn, men det mest riktige og inkluderende tiltaket er \u00e5 la v\u00e6re \u00e5 markere pride p\u00e5 skolen. &nbsp;<br>&nbsp;<\/p>\n\n\n\n<ol start=\"2\" class=\"wp-block-list\">\n<li><strong>Forbud mot holdningsp\u00e5virkende reklame<\/strong>\u202f&nbsp;<\/li>\n<\/ol>\n\n\n\n<p>(<strong>Oppl\u00e6ringslova \u00a7 27-1<\/strong>) \u202f&nbsp;<br><strong>\u00a7 27-1<\/strong>\u202f forbyr budskap som kan skape kommersielt press eller p\u00e5virke holdninger og verdier p\u00e5 skolen, i skoletid og klasserom.&nbsp;<br>\u202f&nbsp;<br>Pride er tett knyttet til politisk aktivisme, organisasjoner og kampanjer med tydelige&nbsp;holdningsskapende budskap, se figur 1 og 2 ovenfor, beskrives pride selv som \u201cp\u00e5virkningsarbeid\u201d og et arbeid for \u201choldningsendring\u201d. Dette er alts\u00e5 arrang\u00f8renes egen uttalte misjon, ogs\u00e5 fra Oslo Pride. N\u00e5r et slikt politisk p\u00e5virkningsarbeid tas inn i skolens omr\u00e5de, overskrides grensen for hva skolen har mandat til \u00e5 fremme. Det er ikke skolens oppgave \u00e5 forme elevenes holdninger i slike sp\u00f8rsm\u00e5l gjennom symbolbruk eller kampanjepregede aktiviteter.&nbsp;<\/p>\n\n\n\n<div style=\"height:10px\" aria-hidden=\"true\" class=\"wp-block-spacer\"><\/div>\n\n\n\n<h4 class=\"wp-block-heading\"><strong>Del 2: Foreldreretten \u2013 barnets oppdragelse er foreldrenes ansvar\u202f<\/strong>&nbsp;<\/h4>\n\n\n\n<p>Vi minner samtidig om at barn ikke er statens eiendom, men f\u00f8rst og fremst foreldres ansvar og omsorg. Det er v\u00e5r rett til \u00e5 overf\u00f8re egne&nbsp;verdier og tro til v\u00e5re barn. Denne retten er tydelig forankret i b\u00e5de norsk og internasjonal lovgivning, og vi forventer at skolen forholder seg til de lovene som gir oss som foreldre rettigheter inn i skolen.&nbsp;&nbsp;<\/p>\n\n\n\n<ol start=\"1\" class=\"wp-block-list\">\n<li><strong>Barneloven \u00a7 30 \u2013 Foreldres oppdrageransvar<\/strong>\u202f&nbsp;<\/li>\n<\/ol>\n\n\n\n<p>Foreldrene har rett og plikt til \u00e5 ta avgj\u00f8relser i barnets personlige forhold, og skal sikre forsvarlig oppdragelse og<strong> utdanning tilpasset barnets behov og tro.<\/strong> N\u00e5r skolen overstyrer eller undergraver familiens verdier, og samtidig avviser foreldre som protesterer mot pride, inneb\u00e6rer dette et brudd p\u00e5 foreldreretten.&nbsp;<\/p>\n\n\n\n<ol start=\"2\" class=\"wp-block-list\">\n<li><strong>Oppl\u00e6ringsloven \u00a7 1-3 \u2013 Samarbeid og respekt for foreldres verdier<\/strong>\u202f&nbsp;<\/li>\n<\/ol>\n\n\n\n<p>Oppl\u00e6ringen skal skje i samarbeid og forst\u00e5else med hjemmet, og den skal vise\u202f<strong>respekt for den enkeltes overbevisning<\/strong>. Det inneb\u00e6rer at barn ikke skal p\u00e5tvinges politiske eller ideologiske markeringer som bryter med familiens livssyn, slik pridesymbolikk gj\u00f8r.\u202f&nbsp;<\/p>\n\n\n\n<ol start=\"3\" class=\"wp-block-list\">\n<li><strong>Grunnloven \u00a7 109 \u2013 Barnets rett til tilpasset oppl\u00e6ring og respekt for menneskerettighetene<\/strong>\u202f&nbsp;<\/li>\n<\/ol>\n\n\n\n<p>Oppl\u00e6ringen skal ta hensyn til hvert barns behov og fremme respekt for\u202f<strong>rettsstaten og menneskerettighetene<\/strong>. Dette forutsetter ivaretakelse av foreldrenes rettigheter \u2013 inkludert verdikonservative og&nbsp;kristne foreldre, slik det er spesifisert i henhold til EMK artikkel 2.\u202f&nbsp;<\/p>\n\n\n\n<ol start=\"4\" class=\"wp-block-list\">\n<li><a href=\"https:\/\/www.echr.coe.int\/documents\/d\/echr\/Convention_NOR?utm_source=chatgpt.com\" target=\"_blank\" rel=\"noreferrer noopener\"><strong>EMK artikkel 2<\/strong><\/a><strong> \u2013 Foreldres rett til trosbasert oppl\u00e6ring<\/strong>\u202f&nbsp;<\/li>\n<\/ol>\n\n\n\n<p>\u201cFunksjoner staten p\u00e5tar seg i utdanning og undervisning (skoleeier, rektor og l\u00e6rere), skal den ut\u00f8ve med <strong>respekt for foreldres rett til \u00e5 sikre slik utdanning og undervisning i samsvar med deres egen religi\u00f8se og filosofiske overbevisning<\/strong>\u201d &nbsp;<\/p>\n\n\n\n<p>Staten har alts\u00e5 ikke rett til \u00e5 overstyre foreldres trosbaserte eller filosofiske overbevisning i skolen. N\u00e5r skolen innf\u00f8rer ideologisk eller politisk p\u00e5virkning med pridemarkering og tilh\u00f8rende symbolbruk, uten foreldrenes samtykke, inneb\u00e6rer det et brudd p\u00e5 grunnleggende menneskerettigheter.&nbsp;<\/p>\n\n\n\n<div style=\"height:10px\" aria-hidden=\"true\" class=\"wp-block-spacer\"><\/div>\n\n\n\n<h4 class=\"wp-block-heading\"><strong>Del 3: V\u00e5re krav\u202f<\/strong><strong>&nbsp;<\/strong>&nbsp;<\/h4>\n\n\n\n<ol start=\"1\" class=\"wp-block-list\">\n<li>Vi krever et svar fra rektor i henhold til Forvaltningsloven \u00a711, et svar som juridisk redegj\u00f8r for v\u00e5re rettigheter, og som bekrefter at rektor har forst\u00e5tt de&nbsp;rettighetene vi har listet opp i dette brevet.&nbsp;&nbsp;<\/li>\n<\/ol>\n\n\n\n<ol start=\"2\" class=\"wp-block-list\">\n<li>Vi krever at rektor henviser til hver enkelt lovparagraf vi har sitert og forklarer hvordan skolen vil sikre at b\u00e5de v\u00e5re og v\u00e5re barns rettigheter ivaretas, n\u00e5r vi mener at pride-markering, pride-flagg og pride-effekter bryter disse. &nbsp;<\/li>\n<\/ol>\n\n\n\n<ol start=\"3\" class=\"wp-block-list\">\n<li>Vi ber innstendig om at:\u202f&nbsp;<\/li>\n<\/ol>\n\n\n\n<ul class=\"wp-block-list\">\n<li>Skolen ikke markerer pride med flagg eller symbolbruk i skoletiden, jf. de&nbsp;begrunnelser som er gitt ovenfor.&nbsp;<\/li>\n<\/ul>\n\n\n\n<ul class=\"wp-block-list\">\n<li>Det etableres&nbsp;reell dialog med foreldrene f\u00f8r eventuelle framtidige markeringer vurderes.\u202f&nbsp;<\/li>\n<\/ul>\n\n\n\n<ul class=\"wp-block-list\">\n<li>Skolen respekterer elevens rett til et skolemilj\u00f8 fritt for ideologisk og politisk p\u00e5virkning, og foreldres rett til \u00e5 bestemme i livssynsn\u00e6re sp\u00f8rsm\u00e5l, ved \u00e5 im\u00f8tekomme&nbsp;v\u00e5re krav.&nbsp;<\/li>\n<\/ul>\n\n\n\n<ul class=\"wp-block-list\">\n<li>Alternativt \u2013 dersom skolen likevel insisterer p\u00e5 \u00e5 flagge som markering \u2013 skal det ved flagging p\u00e5 skolens omr\u00e5de kun benyttes det flagget som inkluderer alle elever: det norske flagget (eventuelt supplert med det samiske eller kvenske).&nbsp;<\/li>\n<\/ul>\n\n\n\n<p>Vi \u00f8nsker en skriftlig tilbakemelding p\u00e5 hvordan skolen forholder seg til disse rettslige forpliktelsene.\u202f&nbsp;<\/p>\n\n\n\n<div style=\"height:50px\" aria-hidden=\"true\" class=\"wp-block-spacer\"><\/div>\n\n\n\n<p>Med vennlig hilsen,\u202f&nbsp;<br>[Navn p\u00e5 forelder(e)]\u202f&nbsp;<br>[Kontaktinformasjon]\u202f&nbsp;<br>[Elevens navn og klasse]\u202f&nbsp;<\/p>\n\n\n\n<div style=\"height:50px\" aria-hidden=\"true\" class=\"wp-block-spacer\"><\/div>\n\n\n\n<div style=\"height:30px\" aria-hidden=\"true\" class=\"wp-block-spacer\"><\/div>\n\n\n\n<div class=\"wp-block-buttons is-layout-flex wp-block-buttons-is-layout-flex\">\n<div class=\"wp-block-button is-style-outline is-style-outline--1\"><a class=\"wp-block-button__link has-black-color has-white-background-color has-text-color has-background has-link-color wp-element-button\" href=\"https:\/\/kressurs.no\/wp-content\/uploads\/2026\/03\/Brevmal-til-rektor-og-protest-mot-pridemarkering.pdf\" style=\"border-radius:27px\" target=\"_blank\" rel=\"noreferrer noopener\">Last ned pdf <\/a><\/div>\n<\/div>\n\n\n\n<div style=\"height:100px\" aria-hidden=\"true\" class=\"wp-block-spacer\"><\/div>\n\n\n\n<p><\/p>\n","protected":false},"excerpt":{"rendered":"<p>Kristent Ressurssenter har laget et&nbsp;utkast til brev eller epost som kan sendes til rektorer, kommunalsjef, skoleledelse og kommunestyre \/ skoleeier med utkast i lover som brytes ved tvungen pridemarkering, eller prideflagging p\u00e5 offentlig flaggstang i skoler. Vi har lagt vekt p\u00e5 oppl\u00e6ringsloven for eleven, og foreldreretten for foreldre.&nbsp; Til rektor ved [skolens navn]&nbsp; Bekymring og [&hellip;]<\/p>\n","protected":false},"author":5,"featured_media":11827,"comment_status":"closed","ping_status":"closed","sticky":false,"template":"","format":"standard","meta":{"_breakdance_hide_in_design_set":false,"_breakdance_tags":"","wds_primary_category":51,"footnotes":""},"categories":[51],"tags":[],"class_list":["post-11804","post","type-post","status-publish","format-standard","has-post-thumbnail","hentry","category-pride"],"_links":{"self":[{"href":"https:\/\/kressurs.no\/en\/wp-json\/wp\/v2\/posts\/11804","targetHints":{"allow":["GET"]}}],"collection":[{"href":"https:\/\/kressurs.no\/en\/wp-json\/wp\/v2\/posts"}],"about":[{"href":"https:\/\/kressurs.no\/en\/wp-json\/wp\/v2\/types\/post"}],"author":[{"embeddable":true,"href":"https:\/\/kressurs.no\/en\/wp-json\/wp\/v2\/users\/5"}],"replies":[{"embeddable":true,"href":"https:\/\/kressurs.no\/en\/wp-json\/wp\/v2\/comments?post=11804"}],"version-history":[{"count":0,"href":"https:\/\/kressurs.no\/en\/wp-json\/wp\/v2\/posts\/11804\/revisions"}],"wp:featuredmedia":[{"embeddable":true,"href":"https:\/\/kressurs.no\/en\/wp-json\/wp\/v2\/media\/11827"}],"wp:attachment":[{"href":"https:\/\/kressurs.no\/en\/wp-json\/wp\/v2\/media?parent=11804"}],"wp:term":[{"taxonomy":"category","embeddable":true,"href":"https:\/\/kressurs.no\/en\/wp-json\/wp\/v2\/categories?post=11804"},{"taxonomy":"post_tag","embeddable":true,"href":"https:\/\/kressurs.no\/en\/wp-json\/wp\/v2\/tags?post=11804"}],"curies":[{"name":"wp","href":"https:\/\/api.w.org\/{rel}","templated":true}]}}